{"id":526,"date":"2005-09-11T15:42:25","date_gmt":"2005-09-11T13:42:25","guid":{"rendered":"http:\/\/www.matieres.com\/wordpress\/2005\/09\/11\/classement-du-gois-suite\/"},"modified":"2019-04-05T14:54:50","modified_gmt":"2019-04-05T12:54:50","slug":"classement-du-gois-suite","status":"publish","type":"post","link":"https:\/\/www.12sur12.org\/?p=526","title":{"rendered":"Classement du Gois (suite)"},"content":{"rendered":"<p>Bulletin  N\u00b0 43<\/p>\n<p>R\u00c9PONSE DE MONSIEUR PHILIPPE DE VILLIERS, PR\u00c9SIDENT DU CONSEIL G\u00c9N\u00c9RAL DE LA VEND\u00c9E.<\/p>\n<blockquote><p>Votre courrier concernant le Passage du Gois m&rsquo;est bien parvenu et a retenu toute mon attention.<br \/>\nCependant, le projet de classement de ce site remarquable soutenu par l&rsquo;association \u00ab Vivre l&rsquo;\u00eele 12 sur 12 \u00bb rel\u00e8ve de la comp\u00e9tence exclusive de l&rsquo;Etat.<\/p>\n<p>Pour ma part, je suis convaincu de la n\u00e9cessit\u00e9 de pr\u00e9server ce site et de le mettre en valeur. C&rsquo;est d&rsquo;ailleurs l&rsquo;un des objectifs prioritaires que le Conseil G\u00e9n\u00e9ral poursuivra en n\u00e9gociant avec les communes littorales concern\u00e9es un \u00ab contrat environnement littoral \u00bb.<\/p>\n<p>Ce contrat financ\u00e9 \u00e0 hauteur de 600 000 euros par le d\u00e9partement a notamment pour vocation de permettre de concilier le d\u00e9veloppement d&rsquo;un tourisme de qualit\u00e9 avec la n\u00e9cessaire pr\u00e9servation de l&rsquo;environnement littoral.<\/p>\n<p>La protection accrue du passage du Gois, trait d&rsquo;union embl\u00e9matique entre le continent et l&rsquo;\u00eele de Noirmoutier, est \u00e0 ce titre au c\u0153ur de nos pr\u00e9occupations.<\/p>\n<p>S&rsquo;agissant plus particuli\u00e8rement de la proc\u00e9dure de classement sur laquelle vous avez bien voulu appeler mon attention, je saisis aujourd&rsquo;hui m\u00eame Monsieur Christian DECHARRIERE, Pr\u00e9fet de la Vend\u00e9e, de votre requ\u00eate et ne manquerai pas de vous tenir inform\u00e9e de la suite r\u00e9serv\u00e9e \u00e0 ma d\u00e9marche.<\/p>\n<p>SIGN\u00c9 : PHILIPPE DE VILLIERS<\/p><\/blockquote>\n<p>Nous verrons bien !<\/p>\n","protected":false},"excerpt":{"rendered":"<p>Bulletin N\u00b0 43 R\u00c9PONSE DE MONSIEUR PHILIPPE DE VILLIERS, PR\u00c9SIDENT DU CONSEIL G\u00c9N\u00c9RAL DE LA VEND\u00c9E. Votre courrier concernant le Passage du Gois m&rsquo;est bien parvenu et a retenu toute mon attention. Cependant, le projet de classement de ce site &hellip; <a href=\"https:\/\/www.12sur12.org\/?p=526\">Continue reading <span class=\"meta-nav\">&rarr;<\/span><\/a><\/p>\n","protected":false},"author":8,"featured_media":0,"comment_status":"open","ping_status":"open","sticky":false,"template":"","format":"standard","meta":{"footnotes":""},"categories":[103,100],"tags":[],"class_list":["post-526","post","type-post","status-publish","format-standard","hentry","category-le-gois-mer-littoral","category-mer-littoral"],"_links":{"self":[{"href":"https:\/\/www.12sur12.org\/index.php?rest_route=\/wp\/v2\/posts\/526","targetHints":{"allow":["GET"]}}],"collection":[{"href":"https:\/\/www.12sur12.org\/index.php?rest_route=\/wp\/v2\/posts"}],"about":[{"href":"https:\/\/www.12sur12.org\/index.php?rest_route=\/wp\/v2\/types\/post"}],"author":[{"embeddable":true,"href":"https:\/\/www.12sur12.org\/index.php?rest_route=\/wp\/v2\/users\/8"}],"replies":[{"embeddable":true,"href":"https:\/\/www.12sur12.org\/index.php?rest_route=%2Fwp%2Fv2%2Fcomments&post=526"}],"version-history":[{"count":1,"href":"https:\/\/www.12sur12.org\/index.php?rest_route=\/wp\/v2\/posts\/526\/revisions"}],"predecessor-version":[{"id":4253,"href":"https:\/\/www.12sur12.org\/index.php?rest_route=\/wp\/v2\/posts\/526\/revisions\/4253"}],"wp:attachment":[{"href":"https:\/\/www.12sur12.org\/index.php?rest_route=%2Fwp%2Fv2%2Fmedia&parent=526"}],"wp:term":[{"taxonomy":"category","embeddable":true,"href":"https:\/\/www.12sur12.org\/index.php?rest_route=%2Fwp%2Fv2%2Fcategories&post=526"},{"taxonomy":"post_tag","embeddable":true,"href":"https:\/\/www.12sur12.org\/index.php?rest_route=%2Fwp%2Fv2%2Ftags&post=526"}],"curies":[{"name":"wp","href":"https:\/\/api.w.org\/{rel}","templated":true}]}}