{"id":4712,"date":"2020-07-04T17:23:12","date_gmt":"2020-07-04T15:23:12","guid":{"rendered":"http:\/\/www.12sur12.org\/?p=4712"},"modified":"2020-07-04T17:23:12","modified_gmt":"2020-07-04T15:23:12","slug":"les-effets-pervers-des-lois-alur-et-elan-sur-les-iles","status":"publish","type":"post","link":"https:\/\/www.12sur12.org\/?p=4712","title":{"rendered":"Les effets pervers des lois ALUR et ELAN sur les \u00eeles"},"content":{"rendered":"<p style=\"text-align: justify;\">Souvenez-vous en octobre 2019, Vivre l\u2019Ile 12 sur 12 avait invit\u00e9 les associations s\u0153urs de l\u2019Ile de R\u00e9. Suite \u00e0 cette rencontre, les associations de d\u00e9fense de l\u2019environnement des \u00eeles de Noirmoutier, Ol\u00e9ron et R\u00e9 ont men\u00e9 une d\u00e9marche commune en envoyant un courrier \u00e0 leurs \u00e9lus respectifs d\u00e9montrant l\u2019inadaptation des lois ALUR \/ ELAN aux \u00ab\u00a0\u00eeles \u00e0 pont\u00a0\u00bb. Devant l\u2019absence de r\u00e9ponse, un communiqu\u00e9 de presse a \u00e9t\u00e9 r\u00e9dig\u00e9, \u00e0 para\u00eetre dans le Courrier Vend\u00e9en et Ouest France.<\/p>\n<p>Le voici\u00a0: <a href=\"https:\/\/www.12sur12.org\/wp-content\/uploads\/2020\/07\/Communique-PRESSE-ALUR-et-ELAN-effets-sur-les-iles.pdf\">Communique PRESSE ALUR et ELAN effets sur les iles<\/a><\/p>\n","protected":false},"excerpt":{"rendered":"<p>Souvenez-vous en octobre 2019, Vivre l\u2019Ile 12 sur 12 avait invit\u00e9 les associations s\u0153urs de l\u2019Ile de R\u00e9. Suite \u00e0 cette rencontre, les associations de d\u00e9fense de l\u2019environnement des \u00eeles de Noirmoutier, Ol\u00e9ron et R\u00e9 ont men\u00e9 une d\u00e9marche commune &hellip; <a href=\"https:\/\/www.12sur12.org\/?p=4712\">Continue reading <span class=\"meta-nav\">&rarr;<\/span><\/a><\/p>\n","protected":false},"author":8,"featured_media":0,"comment_status":"closed","ping_status":"closed","sticky":false,"template":"","format":"standard","meta":{"footnotes":""},"categories":[111,10],"tags":[],"class_list":["post-4712","post","type-post","status-publish","format-standard","hentry","category-p-l-u","category-urbanisme"],"_links":{"self":[{"href":"https:\/\/www.12sur12.org\/index.php?rest_route=\/wp\/v2\/posts\/4712","targetHints":{"allow":["GET"]}}],"collection":[{"href":"https:\/\/www.12sur12.org\/index.php?rest_route=\/wp\/v2\/posts"}],"about":[{"href":"https:\/\/www.12sur12.org\/index.php?rest_route=\/wp\/v2\/types\/post"}],"author":[{"embeddable":true,"href":"https:\/\/www.12sur12.org\/index.php?rest_route=\/wp\/v2\/users\/8"}],"replies":[{"embeddable":true,"href":"https:\/\/www.12sur12.org\/index.php?rest_route=%2Fwp%2Fv2%2Fcomments&post=4712"}],"version-history":[{"count":1,"href":"https:\/\/www.12sur12.org\/index.php?rest_route=\/wp\/v2\/posts\/4712\/revisions"}],"predecessor-version":[{"id":4713,"href":"https:\/\/www.12sur12.org\/index.php?rest_route=\/wp\/v2\/posts\/4712\/revisions\/4713"}],"wp:attachment":[{"href":"https:\/\/www.12sur12.org\/index.php?rest_route=%2Fwp%2Fv2%2Fmedia&parent=4712"}],"wp:term":[{"taxonomy":"category","embeddable":true,"href":"https:\/\/www.12sur12.org\/index.php?rest_route=%2Fwp%2Fv2%2Fcategories&post=4712"},{"taxonomy":"post_tag","embeddable":true,"href":"https:\/\/www.12sur12.org\/index.php?rest_route=%2Fwp%2Fv2%2Ftags&post=4712"}],"curies":[{"name":"wp","href":"https:\/\/api.w.org\/{rel}","templated":true}]}}