{"id":3156,"date":"2015-03-19T16:41:24","date_gmt":"2015-03-19T15:41:24","guid":{"rendered":"http:\/\/www.12sur12.org\/?p=3156"},"modified":"2019-06-09T15:30:33","modified_gmt":"2019-06-09T13:30:33","slug":"grandes-marees-la-france-nest-pas-prete","status":"publish","type":"post","link":"https:\/\/www.12sur12.org\/?p=3156","title":{"rendered":"\u00ab\u00a0Grandes mar\u00e9es: la France n&rsquo;est pas pr\u00eate&#8230;\u00a0\u00bb"},"content":{"rendered":"<p style=\"text-align: left;\">A la veille de plusieurs mar\u00e9es exceptionnelles en 2015, dont une de coef. 119 ce samedi 21 mars.\u00a0<strong>France Nature Environnement \u00a0(FNE),\u00a0<\/strong>avec qui nous sommes associ\u00e9s, a diffus\u00e9 un communiqu\u00e9 de presse pour pointer les difficult\u00e9s \u00e0 mettre en place les <strong>Plans de Pr\u00e9vention des Risques Naturels (PPRN), ainsi que les Plans de Pr\u00e9vention des Risques Littoraux (PPRL) <\/strong>suite aux\u00a0blocages, et aux pressions, sur les Pr\u00e9fets et les services de l&rsquo;Etat, de \u00ab\u00a0lobbies\u00a0\u00bb comme le dit l&rsquo;article, afin de continuer un urbanisme littoral important, sans tirer les le\u00e7ons du pass\u00e9, en particulier de Xynthia et des 59 morts (coef 102 pour m\u00e9moire&#8230;) dont le proc\u00e8s vient de s&rsquo;achever. L\u2019article parle de l<strong>\u2019\u00eele de Noirmoutier<\/strong> particuli\u00e8rement concern\u00e9e par le sujet. Notre association est particuli\u00e8rement active sur ces gros dossiers (<strong>Plan Local d&rsquo;urbanisme (PLU), PPRL,.<\/strong>&#8230;) techniques, complexes, pour d\u00e9fendre d&rsquo;abord la s\u00e9curit\u00e9 des \u00eeliens, et \u00e9viter que nos c\u00f4tes soient b\u00e9tonn\u00e9es, enroch\u00e9es, recharg\u00e9es en sable, enlaidies&#8230;<\/p>\n<p style=\"text-align: left;\">Lien:\u00a0<a href=\"https:\/\/www.12sur12.org\/wp-content\/uploads\/2015\/03\/CP-FNE-grandes-mar\u00e9es-25-f\u00e9v-15.pdf\">CP FNE grandes mar\u00e9es 25 f\u00e9v 15<\/a><\/p>\n<p style=\"text-align: left;\">(voir \u00e9galement l&rsquo;article suivant sur la concertation en cours sur le PPRL de l\u2019\u00eele de Noirmoutier).<\/p>\n","protected":false},"excerpt":{"rendered":"<p>A la veille de plusieurs mar\u00e9es exceptionnelles en 2015, dont une de coef. 119 ce samedi 21 mars.\u00a0France Nature Environnement \u00a0(FNE),\u00a0avec qui nous sommes associ\u00e9s, a diffus\u00e9 un communiqu\u00e9 de presse pour pointer les difficult\u00e9s \u00e0 mettre en place les &hellip; <a href=\"https:\/\/www.12sur12.org\/?p=3156\">Continue reading <span class=\"meta-nav\">&rarr;<\/span><\/a><\/p>\n","protected":false},"author":8,"featured_media":0,"comment_status":"open","ping_status":"open","sticky":false,"template":"","format":"standard","meta":{"footnotes":""},"categories":[101,111],"tags":[],"class_list":["post-3156","post","type-post","status-publish","format-standard","hentry","category-defense-contre-la-mer-mer-littoral","category-p-l-u"],"_links":{"self":[{"href":"https:\/\/www.12sur12.org\/index.php?rest_route=\/wp\/v2\/posts\/3156","targetHints":{"allow":["GET"]}}],"collection":[{"href":"https:\/\/www.12sur12.org\/index.php?rest_route=\/wp\/v2\/posts"}],"about":[{"href":"https:\/\/www.12sur12.org\/index.php?rest_route=\/wp\/v2\/types\/post"}],"author":[{"embeddable":true,"href":"https:\/\/www.12sur12.org\/index.php?rest_route=\/wp\/v2\/users\/8"}],"replies":[{"embeddable":true,"href":"https:\/\/www.12sur12.org\/index.php?rest_route=%2Fwp%2Fv2%2Fcomments&post=3156"}],"version-history":[{"count":5,"href":"https:\/\/www.12sur12.org\/index.php?rest_route=\/wp\/v2\/posts\/3156\/revisions"}],"predecessor-version":[{"id":3173,"href":"https:\/\/www.12sur12.org\/index.php?rest_route=\/wp\/v2\/posts\/3156\/revisions\/3173"}],"wp:attachment":[{"href":"https:\/\/www.12sur12.org\/index.php?rest_route=%2Fwp%2Fv2%2Fmedia&parent=3156"}],"wp:term":[{"taxonomy":"category","embeddable":true,"href":"https:\/\/www.12sur12.org\/index.php?rest_route=%2Fwp%2Fv2%2Fcategories&post=3156"},{"taxonomy":"post_tag","embeddable":true,"href":"https:\/\/www.12sur12.org\/index.php?rest_route=%2Fwp%2Fv2%2Ftags&post=3156"}],"curies":[{"name":"wp","href":"https:\/\/api.w.org\/{rel}","templated":true}]}}