{"id":2960,"date":"2014-07-09T18:48:05","date_gmt":"2014-07-09T16:48:05","guid":{"rendered":"http:\/\/www.12sur12.org\/?p=2960"},"modified":"2019-03-17T15:58:16","modified_gmt":"2019-03-17T14:58:16","slug":"non-au-golf-dans-les-marais-salants","status":"publish","type":"post","link":"https:\/\/www.12sur12.org\/?p=2960","title":{"rendered":"Non au golf dans les marais salants!"},"content":{"rendered":"<div id=\"attachment_2964\" style=\"width: 242px\" class=\"wp-caption alignleft\"><a href=\"https:\/\/www.12sur12.org\/wp-content\/uploads\/2014\/07\/VL-non-au-golf-affiche-2-e1404898579647.jpg\"><img loading=\"lazy\" decoding=\"async\" aria-describedby=\"caption-attachment-2964\" class=\"size-medium wp-image-2964\" src=\"https:\/\/www.12sur12.org\/wp-content\/uploads\/2014\/07\/VL-non-au-golf-affiche-2-232x300.jpg\" alt=\"non au golf (12sur12)\" width=\"232\" height=\"300\" \/><\/a><p id=\"caption-attachment-2964\" class=\"wp-caption-text\">non au golf (12sur12)<\/p><\/div>\n<p>Nous \u00e9tions pr\u00e9sents \u00e0 l&rsquo;Epine devant la salle de la Salangane, lundi 7 juillet, en r\u00e9ponse \u00e0 l&rsquo;appel du collectif \u00ab\u00a0eaux et marais pour notre \u00eele\u00a0\u00bb qui venait d\u00e9fendre son environnement de travail, le marais, contre toute forme de golf, petit, grand, bio ou raisonn\u00e9!<!--more--><br \/>\nInvit\u00e9e \u00e0 participer \u00e0 la discussion organis\u00e9e par la mairie de l&rsquo;Epine qui rassemblait les repr\u00e9sentants du collectif, le porteur du projet Arnaud Perrin, la Communaut\u00e9 des communes de l&rsquo;\u00eele, la LPO, les amis de Noirmoutier, notre association a lu un communiqu\u00e9 en pr\u00e9ambule \u00e0 la r\u00e9union. Ensuite, notre porte-parole est sortie de la salle et n&rsquo;a pas particip\u00e9 au d\u00e9bat.<br \/>\nVoici le communiqu\u00e9 : <a href=\"https:\/\/www.12sur12.org\/wp-content\/uploads\/2014\/07\/com-golf-7-07-2014.pdf\"> golf 7 07 2014<\/a><br \/>\net&#8230;<br \/>\n<span style=\"text-decoration: underline;\"><strong>N&rsquo;oubliez pas de signer la p\u00e9tition<\/strong><\/span> ( voir le blog rubrique \u00ab\u00a0vie des marais\u00a0\u00bb)<\/p>\n<p>&nbsp;<\/p>\n<p>&nbsp;<\/p>\n<p>&nbsp;<\/p>\n<p>&nbsp;<\/p>\n","protected":false},"excerpt":{"rendered":"<p>Nous \u00e9tions pr\u00e9sents \u00e0 l&rsquo;Epine devant la salle de la Salangane, lundi 7 juillet, en r\u00e9ponse \u00e0 l&rsquo;appel du collectif \u00ab\u00a0eaux et marais pour notre \u00eele\u00a0\u00bb qui venait d\u00e9fendre son environnement de travail, le marais, contre toute forme de golf, &hellip; <a href=\"https:\/\/www.12sur12.org\/?p=2960\">Continue reading <span class=\"meta-nav\">&rarr;<\/span><\/a><\/p>\n","protected":false},"author":8,"featured_media":0,"comment_status":"open","ping_status":"open","sticky":false,"template":"","format":"standard","meta":{"footnotes":""},"categories":[107],"tags":[],"class_list":["post-2960","post","type-post","status-publish","format-standard","hentry","category-marais-salants-eau-marais"],"_links":{"self":[{"href":"https:\/\/www.12sur12.org\/index.php?rest_route=\/wp\/v2\/posts\/2960","targetHints":{"allow":["GET"]}}],"collection":[{"href":"https:\/\/www.12sur12.org\/index.php?rest_route=\/wp\/v2\/posts"}],"about":[{"href":"https:\/\/www.12sur12.org\/index.php?rest_route=\/wp\/v2\/types\/post"}],"author":[{"embeddable":true,"href":"https:\/\/www.12sur12.org\/index.php?rest_route=\/wp\/v2\/users\/8"}],"replies":[{"embeddable":true,"href":"https:\/\/www.12sur12.org\/index.php?rest_route=%2Fwp%2Fv2%2Fcomments&post=2960"}],"version-history":[{"count":9,"href":"https:\/\/www.12sur12.org\/index.php?rest_route=\/wp\/v2\/posts\/2960\/revisions"}],"predecessor-version":[{"id":2973,"href":"https:\/\/www.12sur12.org\/index.php?rest_route=\/wp\/v2\/posts\/2960\/revisions\/2973"}],"wp:attachment":[{"href":"https:\/\/www.12sur12.org\/index.php?rest_route=%2Fwp%2Fv2%2Fmedia&parent=2960"}],"wp:term":[{"taxonomy":"category","embeddable":true,"href":"https:\/\/www.12sur12.org\/index.php?rest_route=%2Fwp%2Fv2%2Fcategories&post=2960"},{"taxonomy":"post_tag","embeddable":true,"href":"https:\/\/www.12sur12.org\/index.php?rest_route=%2Fwp%2Fv2%2Ftags&post=2960"}],"curies":[{"name":"wp","href":"https:\/\/api.w.org\/{rel}","templated":true}]}}