{"id":2583,"date":"2013-02-28T15:32:02","date_gmt":"2013-02-28T14:32:02","guid":{"rendered":"http:\/\/www.12sur12.org\/2013\/02\/28\/ca-de-fevrier\/"},"modified":"2013-02-28T15:32:02","modified_gmt":"2013-02-28T14:32:02","slug":"ca-de-fevrier","status":"publish","type":"post","link":"https:\/\/www.12sur12.org\/?p=2583","title":{"rendered":"CA de f\u00e9vrier"},"content":{"rendered":"<p>Le Conseil d\u2019Administration de Vivre l\u2019\u00eele 12 sur 12 \u00a0se r\u00e9unit tous les mois, g\u00e9n\u00e9ralement \u00a0les premiers vendredis.<\/p>\n<p>C\u2019est donc le vendredi 1er f\u00e9vrier que les administrateurs ont tenu leur r\u00e9union mensuelle.<\/p>\n<p>A l\u2019ordre du jour :<\/p>\n<ul>\n<li><span style=\"font-size: 1em; line-height: 1.3em\">Avancement du\u00a0<a href=\"http:\/\/www.ville-noirmoutier.fr\/index.php?id_page=48&amp;id_site=1\" title=\"Site mairie Noirmoutier\" target=\"_blank\">Plan Local d\u2019Urbanisme (PLU) de la commune de Noirmoutier<\/a>\u00a0dont la version d\u00e9finitive devrait \u00eatre soumise au conseil municipal d\u00e9but mars.<\/span><\/li>\n<li><span style=\"font-size: 1em; line-height: 1.3em\">Dossier<a href=\"https:\/\/www.12sur12.org\/category\/pprl\/\" target=\"_blank\" title=\"Articles du blog sur le PPRL\"> PPRL<\/a>\u00a0qui fera l\u2019objet d\u2019une communication sp\u00e9cifique dans les jours prochains<\/span><\/li>\n<li><span style=\"font-size: 1em; line-height: 1.3em\">Communication de notre avis concernant l\u2019enqu\u00eate publique pour le d\u00e9vasement de l\u2019estuaire de la Loire sur le site de la\u00a0<\/span><a href=\"https:\/\/www.12sur12.org\/2008\/12\/12\/immersion-a-la-lambarde\/\" target=\"_blank\" title=\"Article du blog d\u00e9cembre 2008\">Lambarde<\/a><\/li>\n<\/ul>\n<p>Nous avons \u00e9voqu\u00e9 les conseils communautaire et municipaux ainsi que les diff\u00e9rentes c\u00e9r\u00e9monies des v\u0153ux du mois de janvier et entendu les comptes rendus des r\u00e9unions auxquelles certains administrateurs ont assist\u00e9 en tant qu\u2019association d\u00e9sign\u00e9e par les diff\u00e9rents services de l\u2019Etat.<\/p>\n<p>La rencontre avec M. le Sous Pr\u00e9fet des Sables d\u2019Olonne le 11 janvier a fait l\u2019objet d\u2019un rapport particulier. Il a confirm\u00e9 la concertation avec le terrain en fonction des risques encourus. Sa pr\u00e9occupation actuelle se porte sur la Pointe de la Fosse malmen\u00e9e par les forts coups de vent de l&rsquo;hiver.<\/p>\n<p>Nous avons termin\u00e9 par une discussion sur les oiseaux pr\u00e9sents actuellement sur l\u2019\u00eele autour de petits g\u00e2teaux \u00ab maison \u00bb<\/p>\n<p>Tout adh\u00e9rent qui le souhaite peut assister \u00e0 une r\u00e9union du Conseil d\u2019Administration. Il suffit d\u2019envoyer un courriel \u00e0 l\u2019adresse cit\u00e9e en haut de cette page ou bien de prendre contact avec un administrateur.<\/p>\n","protected":false},"excerpt":{"rendered":"<p>Le Conseil d\u2019Administration de Vivre l\u2019\u00eele 12 sur 12 \u00a0se r\u00e9unit tous les mois, g\u00e9n\u00e9ralement \u00a0les premiers vendredis. C\u2019est donc le vendredi 1er f\u00e9vrier que les administrateurs ont tenu leur r\u00e9union mensuelle. A l\u2019ordre du jour : Avancement du\u00a0Plan Local &hellip; <a href=\"https:\/\/www.12sur12.org\/?p=2583\">Continue reading <span class=\"meta-nav\">&rarr;<\/span><\/a><\/p>\n","protected":false},"author":8,"featured_media":0,"comment_status":"open","ping_status":"closed","sticky":false,"template":"","format":"standard","meta":{"footnotes":""},"categories":[13],"tags":[],"class_list":["post-2583","post","type-post","status-publish","format-standard","hentry","category-vie-de-lassociation"],"_links":{"self":[{"href":"https:\/\/www.12sur12.org\/index.php?rest_route=\/wp\/v2\/posts\/2583","targetHints":{"allow":["GET"]}}],"collection":[{"href":"https:\/\/www.12sur12.org\/index.php?rest_route=\/wp\/v2\/posts"}],"about":[{"href":"https:\/\/www.12sur12.org\/index.php?rest_route=\/wp\/v2\/types\/post"}],"author":[{"embeddable":true,"href":"https:\/\/www.12sur12.org\/index.php?rest_route=\/wp\/v2\/users\/8"}],"replies":[{"embeddable":true,"href":"https:\/\/www.12sur12.org\/index.php?rest_route=%2Fwp%2Fv2%2Fcomments&post=2583"}],"version-history":[{"count":0,"href":"https:\/\/www.12sur12.org\/index.php?rest_route=\/wp\/v2\/posts\/2583\/revisions"}],"wp:attachment":[{"href":"https:\/\/www.12sur12.org\/index.php?rest_route=%2Fwp%2Fv2%2Fmedia&parent=2583"}],"wp:term":[{"taxonomy":"category","embeddable":true,"href":"https:\/\/www.12sur12.org\/index.php?rest_route=%2Fwp%2Fv2%2Fcategories&post=2583"},{"taxonomy":"post_tag","embeddable":true,"href":"https:\/\/www.12sur12.org\/index.php?rest_route=%2Fwp%2Fv2%2Ftags&post=2583"}],"curies":[{"name":"wp","href":"https:\/\/api.w.org\/{rel}","templated":true}]}}