{"id":2530,"date":"2012-01-19T21:21:58","date_gmt":"2012-01-19T20:21:58","guid":{"rendered":"http:\/\/www.12sur12.org\/2012\/01\/19\/existe-t-il-encore-dans-l%e2%80%99ile-des-zones-a-risques\/"},"modified":"2021-01-04T15:52:45","modified_gmt":"2021-01-04T14:52:45","slug":"existe-t-il-encore-dans-l%e2%80%99ile-des-zones-a-risques","status":"publish","type":"post","link":"https:\/\/www.12sur12.org\/?p=2530","title":{"rendered":"Existe-t-il encore dans l\u2019Ile des zones \u00e0 risques ?"},"content":{"rendered":"<p>Troisi\u00e8me volet de notre s\u00e9rie sur les zones \u00e0 risques : les portes.<\/p>\n<p>Vous pourrez lire le premier volet <a href=\"https:\/\/www.12sur12.org\/2011\/07\/01\/la-berche\/\" title=\"Billet du blog du 1er juillet 2011\" target=\"_blank\">en cliquant ici,<\/a>\u00a0 et le deuxi\u00e8me volet <a href=\"https:\/\/www.12sur12.org\/2011\/08\/17\/les-quais-du-port-de-noirmoutier\/\" title=\"Billet du blog du 17 ao\u00fbt 2011\" target=\"_blank\">en cliquant ici.<\/a><\/p>\n<p>Extrait du 1er volet\u00a0:<br \/>\n\u00ab\u00a0La continuit\u00e9 de la ligne de cr\u00eate des digues et des quais est un \u00e9l\u00e9ment essentiel pour assurer la s\u00e9curit\u00e9 de l\u2019Ile. Les principaux d\u00e9bordements se sont produits l\u00e0 o\u00f9 il y avait discontinuit\u00e9.<br \/>\nDes travaux sont-ils pr\u00e9vus pour corriger cette probl\u00e9matique\u00a0?\u00a0\u00bb<\/p>\n<p>Nous posions cette question en juillet 2011, qu\u2019en est-il aujourd\u2019hui\u00a0?<\/p>\n<p>ETAT  DES  LIEUX  LE  15 SEPTEMBRE 2011<\/p>\n<p>Zones concern\u00e9es\u00a0: la Tresson, les Sableaux, la Berche.<\/p>\n<p><strong>La Tresson <\/strong><\/p>\n<p><a href=\"https:\/\/www.12sur12.org\/wp-content\/uploads\/2012\/01\/portes-1.jpg\" title=\"Porte vue depuis l\u2019int\u00e9rieur de la digue\"><img decoding=\"async\" src=\"https:\/\/www.12sur12.org\/wp-content\/uploads\/2012\/01\/portes-1.jpg\" alt=\"Porte vue depuis l\u2019int\u00e9rieur de la digue\" \/><\/a><\/p>\n<p align=\"center\"><em>Porte vue depuis l\u2019int\u00e9rieur de la digue<\/em><\/p>\n<p align=\"left\"><a href=\"https:\/\/www.12sur12.org\/wp-content\/uploads\/2012\/01\/portes-2.jpg\" title=\"Porte vue depuis l\u2019ext\u00e9rieur\"><img decoding=\"async\" src=\"https:\/\/www.12sur12.org\/wp-content\/uploads\/2012\/01\/portes-2.jpg\" alt=\"Porte vue depuis l\u2019ext\u00e9rieur\" \/><\/a><\/p>\n<p align=\"center\"><em>Porte vue depuis l\u2019ext\u00e9rieur <\/em><\/p>\n<p>On ne peut que se r\u00e9jouir de la mise en place d\u2019une porte amovible en madriers superpos\u00e9s au milieu de la digue de la Tresson \u00e0 une altitude d\u2019environ 4,2m NGF.<br \/>\nBien qu\u2019elle ne soit pas 100% \u00e9tanche, cette structure limiterait consid\u00e9rablement les entr\u00e9es d\u2019eau en cas de surcote.<\/p>\n<p><a href=\"https:\/\/www.12sur12.org\/wp-content\/uploads\/2012\/01\/portes-3.jpg\" title=\"On peut remarquer la semelle horizontale sur le sol\"><img decoding=\"async\" src=\"https:\/\/www.12sur12.org\/wp-content\/uploads\/2012\/01\/portes-3.jpg\" alt=\"On peut remarquer la semelle horizontale sur le sol\" \/><\/a><\/p>\n<p align=\"center\"> <em>On peut remarquer la semelle horizontale sur le sol <\/em><\/p>\n<p align=\"left\">La continuit\u00e9 du muret du Bonhomme \u00e0 la Berche est aujourd\u2019hui r\u00e9alis\u00e9e, assurant la s\u00e9curit\u00e9 du casier de la Tresson.<\/p>\n<p align=\"left\"> Bravo\u00a0!<br \/>\nC\u2019est une r\u00e9alisation efficace et de qualit\u00e9.<\/p>\n<p><strong>Les Sableaux<\/strong><br \/>\nPar contre des probl\u00e8mes persistent, en particulier aux Sableaux, o\u00f9 une structure quasiment inutile a vu le jour peu apr\u00e8s la temp\u00eate.<\/p>\n<p><a href=\"https:\/\/www.12sur12.org\/wp-content\/uploads\/2012\/01\/portes-4.jpg\" title=\"Passage principal\"><img decoding=\"async\" src=\"https:\/\/www.12sur12.org\/wp-content\/uploads\/2012\/01\/portes-4.jpg\" alt=\"Passage principal\" \/><\/a>\n<\/p>\n<p align=\"center\"><em>Passage principal <\/em><\/p>\n<p>En cas de danger, des madriers en m\u00e9tal (fonte\u00a0?) seraient ins\u00e9r\u00e9s dans les rainures visibles sur les poteaux de soutien verticaux. Une semelle horizontale partiellement ensabl\u00e9e existe.<br \/>\nOn peut douter de la solidit\u00e9 de ces piliers verticaux, sous la pouss\u00e9e des vagues de temp\u00eates ou de leur p\u00e9rennit\u00e9 dans le temps.<\/p>\n<p><a href=\"https:\/\/www.12sur12.org\/wp-content\/uploads\/2012\/01\/portes-5.jpg\" title=\"portes-5.jpg\"><img decoding=\"async\" src=\"https:\/\/www.12sur12.org\/wp-content\/uploads\/2012\/01\/portes-5.jpg\" alt=\"portes-5.jpg\" \/><\/a><\/p>\n<p><a href=\"https:\/\/www.12sur12.org\/wp-content\/uploads\/2012\/01\/portes-6.jpg\" title=\"Passage secondaire\"><img decoding=\"async\" src=\"https:\/\/www.12sur12.org\/wp-content\/uploads\/2012\/01\/portes-6.jpg\" alt=\"Passage secondaire\" \/><\/a><\/p>\n<p align=\"center\"><em>Passage secondaire<\/em><\/p>\n<p align=\"left\"><em> <\/em>Il n\u2019y a pas de semelle horizontale visible (existe-t-elle\u00a0?)<br \/>\nLes deux murets en madriers n\u2019apparaissent pas comme capables de supporter une forte pression et pourraient contribuer \u00e0 fragiliser les poteaux \u00e0 rainure.\n<\/p>\n<p align=\"left\"> Ins\u00e9r\u00e9s dans les rainures visibles sur le poteau et sur le muret (Ce muret marque la fin du muret du Sableaux qui est effectivement une structure ad\u00e9quate, capable de stopper une invasion de la mer lors d\u2019une temp\u00eate avec surcote), des madriers superpos\u00e9s sont suppos\u00e9s stopper les entr\u00e9es d\u2019eau ; mais cette action n\u00e9cessite quelques am\u00e9nagements.<\/p>\n<ul>\n<li>Anticipation de l\u2019\u00e9v\u00e9nement<\/li>\n<\/ul>\n<ul>\n<li> Bien \u00e9videmment, les madriers devront \u00eatre mis en place avant une mar\u00e9e haute de fort coefficient lors d\u2019une temp\u00eate avec surcote pr\u00e9vue.<\/li>\n<\/ul>\n<ul>\n<li> On peut douter de la solidit\u00e9 des poteaux verticaux sous les coups de boutoir de vagues de temp\u00eate. En effet, il suffirait d\u2019un d\u00e9but de d\u00e9mant\u00e8lement ou de d\u00e9chaussement pour que les madriers s\u2019\u00e9chappent de la rainure en cr\u00e9ant des perturbations consid\u00e9rables \u00e0 toute la structure.<\/li>\n<\/ul>\n<ul>\n<li> Le madrier \u00e0 la base doit pouvoir reposer sur un sol ou un plan horizontal stable et r\u00e9sistant pour limiter au maximum les passages d\u2019eau et assurer un minimum d\u2019\u00e9tanch\u00e9it\u00e9. Sinon, une \u00e9rosion r\u00e9gressive rapide pourrait perturber l\u2019effet souhait\u00e9 de cette structure qui est d\u2019abord de stopper ou du moins limiter les passages d\u2019eau.<\/li>\n<\/ul>\n<ul>\n<li> Sinon, on pourrait rapidement assister \u00e0 la destruction rapide de la structure dans son ensemble et le lotissement en zone inondable en contrebas \u2013 atteint lors de \u00ab\u00a0Xynthia\u00a0\u00bb \u2013 situ\u00e9 \u00e0 quelques dizaines de m\u00e8tres conna\u00eetrait de nouveau les affres d\u2019une inondation.<\/li>\n<\/ul>\n<p>Incroyable mais vrai, juste au nord de la porte principale il existe une barri\u00e8re totalement ouverte cr\u00e9ant un vide sous lequel les flots de temp\u00eate s\u2019engouffreraient sans coup f\u00e9rir tout simplement par contournement\u00a0puisque aucun obstacle ne s\u2019y opposerait\u00a0! Cette porte est une structure inutile parce qu\u2019inop\u00e9rante, \u00e0 l\u2019efficacit\u00e9 presque nulle puisqu\u2019il existe toujours un manque de continuit\u00e9 de la cr\u00eate vers le nord.<\/p>\n<p><a href=\"https:\/\/www.12sur12.org\/wp-content\/uploads\/2012\/01\/portes-7.jpg\" title=\"La rainure et plan horizontal\"><img decoding=\"async\" src=\"https:\/\/www.12sur12.org\/wp-content\/uploads\/2012\/01\/portes-7.jpg\" alt=\"La rainure et plan horizontal\" \/><\/a><\/p>\n<p align=\"center\"> <em>La rainure et plan horizontal sur le sol sont bien visibles<br \/>\nLa barri\u00e8re est ouverte\u00a0\u00e0 tous vents et \u00e0 toutes eaux!<\/em><\/p>\n<p><strong>Cette zone est-elle toujours \u00e0 risque\u00a0? OUI\u00a0!<br \/>\nPeut-on observer une r\u00e9elle am\u00e9lioration\u00a0?<br \/>\nMalheureusement la r\u00e9ponse est NON.<\/strong>\n<\/p>\n<p align=\"center\"><strong>Existe-t-il d\u2019autres solutions\u00a0?<\/strong><\/p>\n<ul>\n<li>Un muret construit vers le nord sur une vingtaine de m\u00e8tres \u00e0 4,2m NGF permettrait une continuit\u00e9 de la ligne de d\u00e9fense actuelle mat\u00e9rialis\u00e9e par le muret des Sableaux, vers Fort Larron.<\/li>\n<\/ul>\n<ul>\n<li> Un mur en madriers amovibles fix\u00e9 solidement sur des poteaux s\u00e9curis\u00e9s dans le muret.<\/li>\n<\/ul>\n<ul>\n<li> Une mise en place rapide des madriers serait une obligation en cas de menaces graves.<\/li>\n<\/ul>\n<ul>\n<li> On peut aussi cr\u00e9er un bourrelet de sable au nord, en veillant au maintien d\u2019une altitude suffisante (4,2m NGF).<\/li>\n<\/ul>\n<ul>\n<li> Dans le cas du prolongement du muret ma\u00e7onn\u00e9 vers le nord, un double pan inclin\u00e9 en bois au niveau de la porte permettrait le franchissement du muret.<\/li>\n<\/ul>\n<ul>\n<li> Un bourrelet de sable c\u00f4t\u00e9 plage amen\u00e9 au niveau du muret serait aussi une solution (avec ou sans pan inclin\u00e9 de franchissement).<\/li>\n<\/ul>\n<p><strong>Cette zone sensible des Sableaux est-elle, aujourd\u2019hui une zone \u00e0 risque\u00a0?<br \/>\nLa r\u00e9ponse est OUI\u00a0!<\/strong><\/p>\n<p>Comme nous l\u2019avons clairement d\u00e9nonc\u00e9, les solutions actuellement mises en \u0153uvre ne sauraient r\u00e9soudre totalement les probl\u00e8mes persistants de s\u00e9curit\u00e9.<\/p>\n<p>En effet, telle qu\u2019elle existe aujourd\u2019hui, cette structure en bois aux Sableaux ne saurait r\u00e9pondre au souci permanent de la s\u00e9curit\u00e9 des biens et des personnes face aux risques pr\u00e9sent\u00e9s par des conditions m\u00e9t\u00e9orologiques extr\u00eames qui seront, selon une majorit\u00e9 de scientifiques de plus en plus violentes et fr\u00e9quentes.<\/p>\n<p><strong>La Berche<\/strong><\/p>\n<p><a href=\"https:\/\/www.12sur12.org\/wp-content\/uploads\/2012\/01\/portes-8.jpg\" title=\"Passage entre le muret de la Tresson et la r\u00e9sidence secondaire\"><img decoding=\"async\" src=\"https:\/\/www.12sur12.org\/wp-content\/uploads\/2012\/01\/portes-8.jpg\" alt=\"Passage entre le muret de la Tresson et la r\u00e9sidence secondaire\" \/><\/a><\/p>\n<p align=\"center\"><em>Passage entre le muret de la Tresson et la r\u00e9sidence secondaire<br \/>\nZone de submersion lors de \u00ab\u00a0Xynthia\u00a0\u00bb<\/em><\/p>\n<p>Zone submerg\u00e9e lors de la temp\u00eate, rien n\u2019a chang\u00e9 sauf pour les r\u00e9parations effectu\u00e9es sur le mur de cl\u00f4ture partiellement d\u00e9truit de la propri\u00e9t\u00e9.<br \/>\nUne porte en madriers de bois superpos\u00e9s sur une semelle horizontale semblable \u00e0 celle de la Tresson pourrait s\u00e9curiser \u00e0 peu de frais cette zone toujours \u00e0 risque.<\/p>\n<p><a href=\"https:\/\/www.12sur12.org\/wp-content\/uploads\/2012\/01\/portes-9.jpg\" title=\"La cale de mise \u00e0 l\u00a0\u2018eau\"><img decoding=\"async\" src=\"https:\/\/www.12sur12.org\/wp-content\/uploads\/2012\/01\/portes-9.jpg\" alt=\"La cale de mise \u00e0 l\u00a0\u2018eau\" \/><\/a><\/p>\n<p align=\"center\"><em>La cale de mise \u00e0 l\u00a0\u2018eau (environ 3,7m NGF)<br \/>\nImportante zone de d\u00e9bordement. Lors de \u00ab\u00a0Xynthia\u00a0\u00bb, l\u2019eau s\u2019est engouffr\u00e9e \u00e0 cet endroit pr\u00e9cis inondant les marais de la Berche.<\/em><\/p>\n<p>Cette cale submerg\u00e9e lors de \u00ab\u00a0Xynthia\u00a0\u00bb s\u2019est av\u00e9r\u00e9e \u00eatre la zone la plus \u00e0 risque.<br \/>\nUtilis\u00e9e surtout par des professionnels, cette cale doit rester op\u00e9rationnelle mais rien ne s\u2019oppose \u00e0 la cr\u00e9ation d\u2019une porte amovible comme celle de la Tresson, tout en respectant les contraintes que nous avons propos\u00e9es pour la porte des Sableaux.<br \/>\nUne nouvelle fois, nous posons donc la question\u00a0:<br \/>\n<strong>Cette partie de la digue est de l\u2019Ile o\u00f9 nous avons observ\u00e9 des d\u00e9bordements provoquant une remise en eau des marais de la Berche est-elle aujourd\u2019hui mieux prot\u00e9g\u00e9e\u00a0?<\/strong><\/p>\n<p>Malheureusement, encore une fois la r\u00e9ponse est NON, dans le cas d\u2019une temp\u00eate semblable \u00e0 Xynthia,  les d\u00e9g\u00e2ts seraient sensiblement les m\u00eames\u00a0!<\/p>\n<p><a href=\"https:\/\/www.12sur12.org\/wp-content\/uploads\/2012\/01\/portes-10.jpg\" title=\"La Berche\"><img decoding=\"async\" src=\"https:\/\/www.12sur12.org\/wp-content\/uploads\/2012\/01\/portes-10.jpg\" alt=\"La Berche\" \/><\/a><\/p>\n<p><a href=\"https:\/\/www.12sur12.org\/wp-content\/uploads\/2012\/01\/portes-11.jpg\" title=\"La Berche\"><img decoding=\"async\" src=\"https:\/\/www.12sur12.org\/wp-content\/uploads\/2012\/01\/portes-11.jpg\" alt=\"La Berche\" \/><\/a>\n<\/p>\n<p align=\"center\"><em>La Berche <\/em><\/p>\n","protected":false},"excerpt":{"rendered":"<p>Troisi\u00e8me volet de notre s\u00e9rie sur les zones \u00e0 risques : les portes. Vous pourrez lire le premier volet en cliquant ici,\u00a0 et le deuxi\u00e8me volet en cliquant ici. Extrait du 1er volet\u00a0: \u00ab\u00a0La continuit\u00e9 de la ligne de cr\u00eate &hellip; <a href=\"https:\/\/www.12sur12.org\/?p=2530\">Continue reading <span class=\"meta-nav\">&rarr;<\/span><\/a><\/p>\n","protected":false},"author":8,"featured_media":0,"comment_status":"open","ping_status":"closed","sticky":false,"template":"","format":"standard","meta":{"footnotes":""},"categories":[101],"tags":[],"class_list":["post-2530","post","type-post","status-publish","format-standard","hentry","category-defense-contre-la-mer-mer-littoral"],"_links":{"self":[{"href":"https:\/\/www.12sur12.org\/index.php?rest_route=\/wp\/v2\/posts\/2530","targetHints":{"allow":["GET"]}}],"collection":[{"href":"https:\/\/www.12sur12.org\/index.php?rest_route=\/wp\/v2\/posts"}],"about":[{"href":"https:\/\/www.12sur12.org\/index.php?rest_route=\/wp\/v2\/types\/post"}],"author":[{"embeddable":true,"href":"https:\/\/www.12sur12.org\/index.php?rest_route=\/wp\/v2\/users\/8"}],"replies":[{"embeddable":true,"href":"https:\/\/www.12sur12.org\/index.php?rest_route=%2Fwp%2Fv2%2Fcomments&post=2530"}],"version-history":[{"count":1,"href":"https:\/\/www.12sur12.org\/index.php?rest_route=\/wp\/v2\/posts\/2530\/revisions"}],"predecessor-version":[{"id":4774,"href":"https:\/\/www.12sur12.org\/index.php?rest_route=\/wp\/v2\/posts\/2530\/revisions\/4774"}],"wp:attachment":[{"href":"https:\/\/www.12sur12.org\/index.php?rest_route=%2Fwp%2Fv2%2Fmedia&parent=2530"}],"wp:term":[{"taxonomy":"category","embeddable":true,"href":"https:\/\/www.12sur12.org\/index.php?rest_route=%2Fwp%2Fv2%2Fcategories&post=2530"},{"taxonomy":"post_tag","embeddable":true,"href":"https:\/\/www.12sur12.org\/index.php?rest_route=%2Fwp%2Fv2%2Ftags&post=2530"}],"curies":[{"name":"wp","href":"https:\/\/api.w.org\/{rel}","templated":true}]}}