{"id":221,"date":"2005-10-11T09:24:39","date_gmt":"2005-10-11T07:24:39","guid":{"rendered":"http:\/\/www.matieres.com\/wordpress\/?p=221"},"modified":"2019-04-04T17:18:38","modified_gmt":"2019-04-04T15:18:38","slug":"la-justice-donne-raison-a-vivre-lile-12-sur-12","status":"publish","type":"post","link":"https:\/\/www.12sur12.org\/?p=221","title":{"rendered":"La justice donne raison \u00e0 Vivre l&#8217;\u00eele 12 sur 12"},"content":{"rendered":"<p style=\"margin: 0cm 0cm 0pt; text-indent: 49.6pt; line-height: 150%; text-align: justify\" class=\"MsoNormal\"><span style=\"font-size: 10pt; color: black; line-height: 150%; font-family: Arial\" lang=\"FR\">Quand vous vous dirigez vers Noirmoutier-en-l&rsquo;\u00cele, vous quittez le bourg de la Gu\u00e9rini\u00e8re par le rond-point d&rsquo;Europe. De ce rond-point, vous pouvez embrasser un paysage encore typique de l&rsquo;\u00eele : prairies, arbres isol\u00e9s, petites haies, foss\u00e9s, pi\u00e8ces d&rsquo;eau. Une zone artisanale est fort opportun\u00e9ment dissimul\u00e9e par un rideau de cypr\u00e8s. Jusqu&rsquo;au triste parking de la grande surface commerciale (Inter March\u00e9) toute proche, le regard n&rsquo;est pas trop agress\u00e9.<\/span><\/p>\n<p style=\"margin: 0cm 0cm 0pt; text-indent: 49.6pt; line-height: 150%; text-align: justify\" class=\"MsoNormal\"><span style=\"font-size: 10pt; color: black; line-height: 150%; font-family: Arial\" lang=\"FR\">Contrairement \u00e0 l&rsquo;autre extr\u00e9mit\u00e9 du bourg, il n&rsquo;y a pas d&rsquo;enseignes lumineuses, pas de publicit\u00e9s bariol\u00e9es, pas de bric-\u00e0-brac. Nous sommes encore dans une des parties \u00e0 peu pr\u00e8s intactes de notre \u00eele.<\/span><\/p>\n<p style=\"margin: 0cm 0cm 0pt; text-indent: 49.6pt; line-height: 150%; text-align: justify\" class=\"MsoNormal\"><span style=\"font-size: 10pt; color: black; line-height: 150%; font-family: Arial\" lang=\"FR\">Cette situation devait \u00eatre aga\u00e7ante, puisqu&rsquo;on voulait que cette zone paisible accueille des grandes surfaces commerciales dont la publicit\u00e9 efficace pourrait ainsi \u201caccrocher\u201d l&rsquo;automobiliste qui emprunterait la route vers Noirmoutier-en-l&rsquo;\u00cele.<\/span><\/p>\n<p style=\"margin: 0cm 0cm 0pt; text-indent: 49.6pt; line-height: 150%; text-align: justify\" class=\"MsoNormal\"><span style=\"font-size: 10pt; color: black; line-height: 150%; font-family: Arial\" lang=\"FR\">\u00a0Une enqu\u00eate publique avait eu lieu \u00e0 La Gu\u00e9rini\u00e8re, Monsieur le Maire demandait que le Plan d&rsquo;Occupation des Sols soit modifi\u00e9 afin que des grandes surfaces puissent s&rsquo;\u00e9tablir dans cette zone. Nous avions particip\u00e9 et demand\u00e9 que cette zone naturelle ne soit pas d\u00e9figur\u00e9e. <\/span><\/p>\n<p style=\"margin: 0cm 0cm 0pt; text-indent: 49.6pt; line-height: 150%; text-align: justify\" class=\"MsoNormal\"><span style=\"font-size: 10pt; color: black; line-height: 150%; font-family: Arial\" lang=\"FR\">En vain : le commissaire enqu\u00eateur avait donn\u00e9 un avis favorable et Le Conseil municipal de La Gu\u00e9rini\u00e8re avait vot\u00e9 la modification.<\/span><\/p>\n<p style=\"margin: 0cm 0cm 0pt; text-indent: 49.6pt; line-height: 150%; text-align: justify\" class=\"MsoNormal\"><span style=\"font-size: 10pt; color: black; line-height: 150%; font-family: Arial\" lang=\"FR\">Pas d\u00e9courag\u00e9s, nous avions d\u00e9pos\u00e9 un recours devant le Tribunal Administratif de Nantes.<\/span><\/p>\n<p style=\"margin: 0cm 0cm 0pt; text-indent: 49.6pt; line-height: 150%; text-align: justify\" class=\"MsoNormal\"><span style=\"font-size: 10pt; color: black; line-height: 150%; font-family: Arial\" lang=\"FR\">Celui-ci par un jugement du 22 septembre 2005 vient de nous donner raison : il annule la d\u00e9lib\u00e9ration du Conseil Municipal de La Gu\u00e9rini\u00e8re et condamne la commune \u00e0 nous verser la somme de 1000 \u20ac.<br \/>\n<\/span><\/p>\n","protected":false},"excerpt":{"rendered":"<p>Quand vous vous dirigez vers Noirmoutier-en-l&rsquo;\u00cele, vous quittez le bourg de la Gu\u00e9rini\u00e8re par le rond-point d&rsquo;Europe. De ce rond-point, vous pouvez embrasser un paysage encore typique de l&rsquo;\u00eele : prairies, arbres isol\u00e9s, petites haies, foss\u00e9s, pi\u00e8ces d&rsquo;eau. Une zone &hellip; <a href=\"https:\/\/www.12sur12.org\/?p=221\">Continue reading <span class=\"meta-nav\">&rarr;<\/span><\/a><\/p>\n","protected":false},"author":8,"featured_media":0,"comment_status":"open","ping_status":"open","sticky":false,"template":"","format":"standard","meta":{"footnotes":""},"categories":[120,10],"tags":[],"class_list":["post-221","post","type-post","status-publish","format-standard","hentry","category-autres-sujets-urbanisme","category-urbanisme"],"_links":{"self":[{"href":"https:\/\/www.12sur12.org\/index.php?rest_route=\/wp\/v2\/posts\/221","targetHints":{"allow":["GET"]}}],"collection":[{"href":"https:\/\/www.12sur12.org\/index.php?rest_route=\/wp\/v2\/posts"}],"about":[{"href":"https:\/\/www.12sur12.org\/index.php?rest_route=\/wp\/v2\/types\/post"}],"author":[{"embeddable":true,"href":"https:\/\/www.12sur12.org\/index.php?rest_route=\/wp\/v2\/users\/8"}],"replies":[{"embeddable":true,"href":"https:\/\/www.12sur12.org\/index.php?rest_route=%2Fwp%2Fv2%2Fcomments&post=221"}],"version-history":[{"count":1,"href":"https:\/\/www.12sur12.org\/index.php?rest_route=\/wp\/v2\/posts\/221\/revisions"}],"predecessor-version":[{"id":4188,"href":"https:\/\/www.12sur12.org\/index.php?rest_route=\/wp\/v2\/posts\/221\/revisions\/4188"}],"wp:attachment":[{"href":"https:\/\/www.12sur12.org\/index.php?rest_route=%2Fwp%2Fv2%2Fmedia&parent=221"}],"wp:term":[{"taxonomy":"category","embeddable":true,"href":"https:\/\/www.12sur12.org\/index.php?rest_route=%2Fwp%2Fv2%2Fcategories&post=221"},{"taxonomy":"post_tag","embeddable":true,"href":"https:\/\/www.12sur12.org\/index.php?rest_route=%2Fwp%2Fv2%2Ftags&post=221"}],"curies":[{"name":"wp","href":"https:\/\/api.w.org\/{rel}","templated":true}]}}