{"id":2108,"date":"2010-04-11T08:31:54","date_gmt":"2010-04-11T06:31:54","guid":{"rendered":"http:\/\/www.12sur12.org\/2010\/04\/11\/xynthia-et-les-limites-des-zones-noires\/"},"modified":"2019-06-09T14:23:52","modified_gmt":"2019-06-09T12:23:52","slug":"xynthia-et-les-limites-des-zones-noires","status":"publish","type":"post","link":"https:\/\/www.12sur12.org\/?p=2108","title":{"rendered":"Xynthia et les limites des zones noires"},"content":{"rendered":"<p><a href=\"http:\/\/www.fne.asso.fr\/fr\/index.html\" title=\"site internet de FNE\" target=\"_blank\"><em>France Nature Environnement<\/em><\/a> a r\u00e9agi hier dans un <a href=\"http:\/\/www.fne.asso.fr\/com\/cp_en_pdf_2\/cp-090410.pdf\" title=\"communiqu\u00e9 de presse de FNE\" target=\"_blank\">communiqu\u00e9 de presse<\/a> \u00e0 l&rsquo;annonce jeudi par le Gouvernement du trac\u00e9 des \u00ab zones noires \u00bb, zones d\u00e9clar\u00e9es inhabitables o\u00f9 les habitations seront d\u00e9truites.<\/p>\n<p>Pr\u00e8s de 1 400 maisons inond\u00e9es \u2013 798 en Vend\u00e9e et 595 en Charente-Maritime \u2013 devront \u00eatre purement et simplement ras\u00e9es, car situ\u00e9es en zone \u00ab\u00a0d&rsquo;extr\u00eame danger\u00a0\u00bb. Les maires des vingt communes concern\u00e9es ont \u00e9t\u00e9 avertis de cette nouvelle cartographie mercredi.<\/p>\n<p>FNE souligne les failles de ce zonage et avance des solutions pour que le drame ne se reproduise plus.<\/p>\n<p>La f\u00e9d\u00e9ration rappelle que ce m\u00e9canisme des \u00ab zones noires \u00bb est un m\u00e9canisme nouveau. Or il existe d\u00e9j\u00e0 des m\u00e9canismes pour d\u00e9limiter les zones non constructibles : les zones \u00ab rouges \u00bb et \u00ab bleues \u00bb incluses dans les plans de pr\u00e9ventions des risques naturels pr\u00e9visibles (PPRNP). L\u2019Etat est tenu de cr\u00e9er ces plans, qui contiennent notamment des plans de pr\u00e9ventions des risques d\u2019inondation et de submersion (inondation par la mer).<\/p>\n<p>Et \u00e0 la diff\u00e9rence des \u00ab zones noires \u00bb, d\u00e9cid\u00e9es par le Pr\u00e9fet, donc l\u2019Etat, seul, les plans de pr\u00e9vention des risques naturels pr\u00e9visibles sont \u00e9labor\u00e9s \u00e0 partir d\u2019une concertation avec les communes et la population, notamment via des enqu\u00eates publiques.<\/p>\n<p>Certes, un zonage est urgent. Mais il existe des proc\u00e9dures acc\u00e9l\u00e9r\u00e9es pour cr\u00e9er des plans de pr\u00e9vention des risques naturels pr\u00e9visibles. Pour des d\u00e9cisions aussi sensibles, FNE s\u2019\u00e9tonne que l\u2019Etat ait pr\u00e9f\u00e9r\u00e9 cr\u00e9er un nouvel outil, plut\u00f4t que d\u2019utiliser ceux existants dans un esprit d\u2019urgence bien s\u00fbr, mais aussi de concertation.<\/p>\n<p><strong>Et le reste des c\u00f4tes ? <\/strong><br \/>\nBenoit Hartmann, coordinateur du p\u00f4le Am\u00e9nagement Durable du Territoire de FNE, pointe une autre faille : \u00ab <em>La temp\u00eate Xynthia aurait pu frapper 10 kilom\u00e8tres plus haut ou plus bas. Prot\u00e9ger les seules zones sinistr\u00e9es n\u2019est pas suffisant, il faut anticiper les d\u00e9g\u00e2ts humains et mat\u00e9riels tout le long du littoral, et \u00e9galement dans les zones de submersion moins \u00e9videntes, plus \u00e0 l\u2019int\u00e9rieur des terres ! <\/em>\u00bb<\/p>\n<p><strong>Etendre la loi Littoral <\/strong><br \/>\nSi la loi Littoral est essentielle pour prot\u00e9ger la nature et pr\u00e9server la diversit\u00e9 des activit\u00e9s li\u00e9es \u00e0 l\u2019agriculture et aux activit\u00e9s marines, elle a aussi pour objectif moins connu la protection de la population contre les risques naturels.<\/p>\n<p>\u00ab <em>Le 1er mars, Xynthia est venue cruellement rappeler l\u2019extr\u00eame vuln\u00e9rabilit\u00e9 des communes de bord de mer. Aujourd\u2019hui, la loi Littoral doit \u00eatre transform\u00e9e pour lui donner de nouveaux moyens pour prot\u00e9ger la population,<\/em> explique Raymond L\u00e9ost, administrateur et responsable du r\u00e9seau juridique de FNE. <em>Il est notamment urgent d\u2019\u00e9tendre la loi Littoral aux berges des rus, des \u00e9tiers et des chenaux. En cas de temp\u00eate et de remont\u00e9e du niveau marin, les inondations s&rsquo;\u00e9tendent via ces ruisseaux et canaux. L\u2019eau de mer ravage des terres loin \u00e0 l\u2019int\u00e9rieur du littoral.<\/em> \u00bb<\/p>\n<p><strong>Les demandes de FNE :<\/strong><br \/>\n&#8211; Il faut supprimer tout droit \u00e0 construire sur les rives des chenaux et \u00e9tiers, voies de p\u00e9n\u00e9tration des eaux marines \u00e0 l\u2019int\u00e9rieur des terres.<br \/>\n&#8211; La bande littorale de 100 m\u00e8tres inconstructible \u00e0 partir du bord de mer doit \u00eatre \u00e9tendue pour pr\u00e9venir les risques de submersion marine.<br \/>\n&#8211; Les documents d\u2019urbanisme doivent d\u00e9limiter les espaces non urbanis\u00e9s soumis \u00e0 des risques de submersion marine et y interdire toute urbanisation<\/p>\n<p><strong>Saisir l\u2019opportunit\u00e9 du Grenelle II <\/strong><br \/>\nFNE demande donc aux d\u00e9put\u00e9s et au Gouvernement de tirer toutes les cons\u00e9quences du drame et de profiter du vote du Grenelle II en mai pour prendre deux mesures :<br \/>\n1. Int\u00e9grer dans la loi Littoral un troisi\u00e8me pilier, la pr\u00e9vention des risques naturels<br \/>\n2. G\u00e9n\u00e9raliser les plans de pr\u00e9ventions des risques sur l\u2019ensemble du territoire, DOM-COM compris, dans un d\u00e9lai de deux ans, faute de quoi des sanctions financi\u00e8res devront \u00eatre prises.<\/p>\n","protected":false},"excerpt":{"rendered":"<p>France Nature Environnement a r\u00e9agi hier dans un communiqu\u00e9 de presse \u00e0 l&rsquo;annonce jeudi par le Gouvernement du trac\u00e9 des \u00ab zones noires \u00bb, zones d\u00e9clar\u00e9es inhabitables o\u00f9 les habitations seront d\u00e9truites. Pr\u00e8s de 1 400 maisons inond\u00e9es \u2013 798 &hellip; <a href=\"https:\/\/www.12sur12.org\/?p=2108\">Continue reading <span class=\"meta-nav\">&rarr;<\/span><\/a><\/p>\n","protected":false},"author":8,"featured_media":0,"comment_status":"open","ping_status":"closed","sticky":false,"template":"","format":"standard","meta":{"footnotes":""},"categories":[101,10],"tags":[],"class_list":["post-2108","post","type-post","status-publish","format-standard","hentry","category-defense-contre-la-mer-mer-littoral","category-urbanisme"],"_links":{"self":[{"href":"https:\/\/www.12sur12.org\/index.php?rest_route=\/wp\/v2\/posts\/2108","targetHints":{"allow":["GET"]}}],"collection":[{"href":"https:\/\/www.12sur12.org\/index.php?rest_route=\/wp\/v2\/posts"}],"about":[{"href":"https:\/\/www.12sur12.org\/index.php?rest_route=\/wp\/v2\/types\/post"}],"author":[{"embeddable":true,"href":"https:\/\/www.12sur12.org\/index.php?rest_route=\/wp\/v2\/users\/8"}],"replies":[{"embeddable":true,"href":"https:\/\/www.12sur12.org\/index.php?rest_route=%2Fwp%2Fv2%2Fcomments&post=2108"}],"version-history":[{"count":1,"href":"https:\/\/www.12sur12.org\/index.php?rest_route=\/wp\/v2\/posts\/2108\/revisions"}],"predecessor-version":[{"id":4499,"href":"https:\/\/www.12sur12.org\/index.php?rest_route=\/wp\/v2\/posts\/2108\/revisions\/4499"}],"wp:attachment":[{"href":"https:\/\/www.12sur12.org\/index.php?rest_route=%2Fwp%2Fv2%2Fmedia&parent=2108"}],"wp:term":[{"taxonomy":"category","embeddable":true,"href":"https:\/\/www.12sur12.org\/index.php?rest_route=%2Fwp%2Fv2%2Fcategories&post=2108"},{"taxonomy":"post_tag","embeddable":true,"href":"https:\/\/www.12sur12.org\/index.php?rest_route=%2Fwp%2Fv2%2Ftags&post=2108"}],"curies":[{"name":"wp","href":"https:\/\/api.w.org\/{rel}","templated":true}]}}