{"id":1707,"date":"2009-09-23T09:34:47","date_gmt":"2009-09-23T07:34:47","guid":{"rendered":"http:\/\/www.12sur12.org\/2009\/09\/23\/le-classement-du-gois\/"},"modified":"2019-02-19T18:23:14","modified_gmt":"2019-02-19T17:23:14","slug":"le-classement-du-gois","status":"publish","type":"post","link":"https:\/\/www.12sur12.org\/?p=1707","title":{"rendered":"Le classement du Gois"},"content":{"rendered":"<p>Suite \u00e0 la d\u00e9cision prise par le Conseil d&rsquo;Administration le 4 septembre (<a href=\"https:\/\/www.12sur12.org\/2009\/09\/08\/le-conseil-dadministration-sest-reuni\/\" target=\"_blank\">voir notre article ici<\/a>), nous avons adress\u00e9 la lettre suivante \u00e0 la sous-pr\u00e9fecture des Sables d&rsquo;Olonne.<\/p>\n<blockquote><p>Madame le Sous-Pr\u00e9fet,<\/p>\n<p><em>Vivre l&rsquo;Ile 12 sur 12,<\/em> association agr\u00e9\u00e9e de d\u00e9fense de l&rsquo;environnement depuis 1989, travaille \u00e0 la sauvegarde des espaces naturels et des sites sensibles de l&rsquo;Ile de Noirmoutier.<\/p>\n<p>D\u00e8s le 15 mars 1996, un courrier fut adress\u00e9 \u00e0 Mme le Ministre de l&rsquo;Environnement pour demander le classement du Gois et de ses abords. Le 15 avril 1996, lors de sa visite sur le terrain, nous lui remettions un dossier concernant ce projet. En octobre 1997, le \u00ab\u00a0Parc Littoral du Gois\u00a0\u00bb, \u00e0 l&rsquo;int\u00e9rieur du Polder S\u00e9bastopol proche du Gois, nous interpelle. Une enqu\u00eate d&rsquo;expropriation des terrains voisins est envisag\u00e9e, mais celle-ci reste sans suite et en d\u00e9cembre 1999, M. le Sous-Pr\u00e9fet constitue un Comit\u00e9 de pilotage charg\u00e9 de mener une r\u00e9flexion sur le classement du Gois. Nous travaillons sur le projet jusqu&rsquo;en septembre 2003.<\/p>\n<p>Le SCOT de l&rsquo;Ile de Noirmoutier, approuv\u00e9 le 4 mars 2008, pr\u00e9voit ce classement. Le Polder S\u00e9bastopol est cr\u00e9\u00e9 en r\u00e9serve naturelle r\u00e9gionale ornithologique depuis septembre 2008.<\/p>\n<p>Le Conseil Municipal de Barb\u00e2tre a vot\u00e9 des honoraires pour un bureau d&rsquo;\u00e9tudes en charge d&rsquo;\u00e9tudier les am\u00e9nagements aux abords du Gois et le Comit\u00e9 de pilotage n&rsquo;a \u00e9t\u00e9 ni inform\u00e9, ni r\u00e9uni pour conna\u00eetre l&rsquo;orientation de la mission confi\u00e9e \u00e0 ce bureau d&rsquo;\u00e9tudes. Tout le secteur se trouve encore sous le contr\u00f4le de l&rsquo;Etat, c&rsquo;est pourquoi nous vous sollicitons pour \u00eatre tenus inform\u00e9s des projets en cours. Le Gois et ses abords imm\u00e9diats, dont le Polder S\u00e9bastopol, m\u00e9ritent une attention particuli\u00e8re.<\/p>\n<p>Aussi nous demandons la r\u00e9activation du Comit\u00e9 de pilotage charg\u00e9 de mener une r\u00e9flexion sur le devenir du site du Gois et de ses abords.<\/p>\n<p>Je vous prie d&rsquo;accepter, Madame le Sous- Pr\u00e9fet, l&rsquo;assurance de ma haute consid\u00e9ration.<\/p><\/blockquote>\n","protected":false},"excerpt":{"rendered":"<p>Suite \u00e0 la d\u00e9cision prise par le Conseil d&rsquo;Administration le 4 septembre (voir notre article ici), nous avons adress\u00e9 la lettre suivante \u00e0 la sous-pr\u00e9fecture des Sables d&rsquo;Olonne. Madame le Sous-Pr\u00e9fet, Vivre l&rsquo;Ile 12 sur 12, association agr\u00e9\u00e9e de d\u00e9fense &hellip; <a href=\"https:\/\/www.12sur12.org\/?p=1707\">Continue reading <span class=\"meta-nav\">&rarr;<\/span><\/a><\/p>\n","protected":false},"author":8,"featured_media":0,"comment_status":"open","ping_status":"open","sticky":false,"template":"","format":"standard","meta":{"footnotes":""},"categories":[103,100],"tags":[],"class_list":["post-1707","post","type-post","status-publish","format-standard","hentry","category-le-gois-mer-littoral","category-mer-littoral"],"_links":{"self":[{"href":"https:\/\/www.12sur12.org\/index.php?rest_route=\/wp\/v2\/posts\/1707","targetHints":{"allow":["GET"]}}],"collection":[{"href":"https:\/\/www.12sur12.org\/index.php?rest_route=\/wp\/v2\/posts"}],"about":[{"href":"https:\/\/www.12sur12.org\/index.php?rest_route=\/wp\/v2\/types\/post"}],"author":[{"embeddable":true,"href":"https:\/\/www.12sur12.org\/index.php?rest_route=\/wp\/v2\/users\/8"}],"replies":[{"embeddable":true,"href":"https:\/\/www.12sur12.org\/index.php?rest_route=%2Fwp%2Fv2%2Fcomments&post=1707"}],"version-history":[{"count":1,"href":"https:\/\/www.12sur12.org\/index.php?rest_route=\/wp\/v2\/posts\/1707\/revisions"}],"predecessor-version":[{"id":3961,"href":"https:\/\/www.12sur12.org\/index.php?rest_route=\/wp\/v2\/posts\/1707\/revisions\/3961"}],"wp:attachment":[{"href":"https:\/\/www.12sur12.org\/index.php?rest_route=%2Fwp%2Fv2%2Fmedia&parent=1707"}],"wp:term":[{"taxonomy":"category","embeddable":true,"href":"https:\/\/www.12sur12.org\/index.php?rest_route=%2Fwp%2Fv2%2Fcategories&post=1707"},{"taxonomy":"post_tag","embeddable":true,"href":"https:\/\/www.12sur12.org\/index.php?rest_route=%2Fwp%2Fv2%2Ftags&post=1707"}],"curies":[{"name":"wp","href":"https:\/\/api.w.org\/{rel}","templated":true}]}}