{"id":1661,"date":"2009-08-27T17:16:20","date_gmt":"2009-08-27T15:16:20","guid":{"rendered":"http:\/\/www.12sur12.org\/2009\/08\/27\/la-defense-douce\/"},"modified":"2019-02-19T18:25:09","modified_gmt":"2019-02-19T17:25:09","slug":"la-defense-douce","status":"publish","type":"post","link":"https:\/\/www.12sur12.org\/?p=1661","title":{"rendered":"La d\u00e9fense douce"},"content":{"rendered":"<p>Dans son num\u00e9ro du 12 ao\u00fbt, Le Monde publie un article sur la d\u00e9fense contre la mer sous le titre : \u00ab\u00a0Des solutions douces pour un littoral fluctuant\u00a0\u00bb\u00a0 (article <a href=\"http:\/\/www.lemonde.fr\/planete\/article\/2009\/08\/11\/des-solutions-douces-pour-un-littoral-fluctuant_1227505_3244.html\" title=\"Le Monde du 12 ao\u00fbt 2009\" target=\"_blank\">lisible jusqu&rsquo;au 12 septembre en cliquant sur ce lien<\/a>).<\/p>\n<p>L&rsquo;article attire l&rsquo;attention sur un ph\u00e9nom\u00e8ne que nous avons observ\u00e9 \u00e0 Noirmoutier : les effets pervers des moyens lourds de d\u00e9fense contre la mer.<\/p>\n<p>\u00ab\u00a0Aujourd&rsquo;hui, la communaut\u00e9 scientifique porte un regard quasi unanime sur les politiques de gestion du \u00ab\u00a0trait de c\u00f4te\u00a0\u00bb men\u00e9es ces derni\u00e8res d\u00e9cennies : <em>\u00ab\u00a0Jusqu&rsquo;\u00e0 une p\u00e9riode r\u00e9cente, on essayait de se barricader derri\u00e8re des digues, des brise-lames, des enrochements\u00a0\u00bb<\/em>, constate Fr\u00e9d\u00e9ric Uhl, chef du bureau du littoral et du domaine public maritime naturel au minist\u00e8re fran\u00e7ais de l&rsquo;\u00e9cologie.<em> \u00ab\u00a0En installant des ouvrages de d\u00e9fense contre l&rsquo;\u00e9rosion, on n&rsquo;a fait que d\u00e9placer celle-ci\u00a0\u00bb<\/em>, compl\u00e8te Paolo Antonio Pirazzoli, directeur de recherche \u00e9m\u00e9rite au Centre national de la recherche scientifique (CNRS). Les exemples abondent dans le monde entier d&rsquo;\u00e9pis ou de digues construits pour prot\u00e9ger une plage et qui n&rsquo;ont eu pour effet que d&rsquo;acc\u00e9l\u00e9rer l&rsquo;\u00e9rosion des zones voisines.\u00a0\u00bb<\/p>\n<p>De nombreuses \u00e9tudes scientifiques ont montr\u00e9 que, si les perr\u00e9s et enrochements peuvent stopper le progr\u00e8s de la mer vers les terres, la plage a tendance \u00e0 dispara\u00eetre devant ces ouvrages. C&rsquo;est ce que nous observons sur la c\u00f4te ouest de Noirmoutier, au niveau de la Gu\u00e9rini\u00e8re et de l&rsquo;\u00c9pine.<\/p>\n<p>Fin 2006,\u00a0 des ganivelles hydrauliques ont \u00e9t\u00e9 install\u00e9es sur la plage des \u00c9loux. Nos photos prises en <a href=\"https:\/\/www.12sur12.org\/2006\/11\/21\/les-travaux-de-defense-contre-la-mer-continuent\/\" title=\"article du 21 novembre 2006\" target=\"_blank\">novembre<\/a>\u00a0 et <a href=\"https:\/\/www.12sur12.org\/2006\/12\/\" target=\"_blank\">d\u00e9cembre<\/a> 2006 peuvent \u00eatre compar\u00e9es \u00e0 celles de jeudi dernier, 20 ao\u00fbt, visibles ci-dessous.<\/p>\n<p><a href=\"https:\/\/www.12sur12.org\/wp-content\/uploads\/2009\/08\/ganivelles1.jpg\" title=\"Ganivelles 20\/8\/2009\"><img decoding=\"async\" src=\"https:\/\/www.12sur12.org\/wp-content\/uploads\/2009\/08\/ganivelles1.jpg\" alt=\"Ganivelles 20\/8\/2009\" \/><\/a><\/p>\n<p><a href=\"https:\/\/www.12sur12.org\/wp-content\/uploads\/2009\/08\/ganivelles2.jpg\" title=\"Ganivelles 20\/8\/2009\"><img decoding=\"async\" src=\"https:\/\/www.12sur12.org\/wp-content\/uploads\/2009\/08\/ganivelles2.jpg\" alt=\"Ganivelles 20\/8\/2009\" \/><\/a><\/p>\n<p><a href=\"https:\/\/www.12sur12.org\/wp-content\/uploads\/2009\/08\/ganivelles3.jpg\" title=\"Ganivelles 20\/8\/2009 (3)\"><img decoding=\"async\" src=\"https:\/\/www.12sur12.org\/wp-content\/uploads\/2009\/08\/ganivelles3.jpg\" alt=\"Ganivelles 20\/8\/2009 (3)\" \/><\/a><\/p>\n<p><a href=\"https:\/\/www.12sur12.org\/wp-content\/uploads\/2009\/08\/ganivelles4.jpg\" title=\"Ganivelles 20\/8\/2009 (4)\"><img decoding=\"async\" src=\"https:\/\/www.12sur12.org\/wp-content\/uploads\/2009\/08\/ganivelles4.jpg\" alt=\"Ganivelles 20\/8\/2009 (4)\" \/><\/a><\/p>\n<p><a href=\"https:\/\/www.12sur12.org\/wp-content\/uploads\/2009\/08\/ganivelles5.jpg\" title=\"Ganivelles 20\/8\/2009 (5)\"><img decoding=\"async\" src=\"https:\/\/www.12sur12.org\/wp-content\/uploads\/2009\/08\/ganivelles5.jpg\" alt=\"Ganivelles 20\/8\/2009 (5)\" \/><\/a><\/p>\n<p>Des pieux qui d\u00e9passaient d&rsquo;environ 1 m\u00e8tre 50 sont pratiquement enterr\u00e9s.<\/p>\n<p>Mais, comme nous l&rsquo;avons expliqu\u00e9 \u00e0 plusieurs reprises, et en particulier dans <a href=\"https:\/\/www.12sur12.org\/2008\/12\/06\/les-ganivelles-des-eloux\/\" target=\"_blank\">ce billet du 6 d\u00e9cembre 2008<\/a>,\u00a0\u00a0 la situation \u00e9volue diff\u00e9remment \u00e0 l&rsquo;\u00e9xtr\u00e9mit\u00e9 nord de la plage, o\u00f9 l&rsquo;on constate que le sable s&rsquo;en va au pied des ganivelles et que la dune est mal prot\u00e9g\u00e9e (voir ci-dessous).<\/p>\n<p><a href=\"https:\/\/www.12sur12.org\/wp-content\/uploads\/2009\/08\/epi.jpg\" title=\"Ganivelles 20\/8\/2009 (nord de la plage)\"><img decoding=\"async\" src=\"https:\/\/www.12sur12.org\/wp-content\/uploads\/2009\/08\/epi.jpg\" alt=\"Ganivelles 20\/8\/2009 (nord de la plage)\" \/><\/a><\/p>\n<p><a href=\"https:\/\/www.12sur12.org\/wp-content\/uploads\/2009\/08\/epi2.jpg\" title=\"Ganivelles 20\/8\/2009 (nord de la plage - 2)\"><img decoding=\"async\" src=\"https:\/\/www.12sur12.org\/wp-content\/uploads\/2009\/08\/epi2.jpg\" alt=\"Ganivelles 20\/8\/2009 (nord de la plage - 2)\" \/><\/a><\/p>\n<p><a href=\"https:\/\/www.12sur12.org\/wp-content\/uploads\/2009\/08\/epi-et-dune.jpg\" title=\"Ganivelles 20\/8\/2009 (nord de la plage - 3)\"><img decoding=\"async\" src=\"https:\/\/www.12sur12.org\/wp-content\/uploads\/2009\/08\/epi-et-dune.jpg\" alt=\"Ganivelles 20\/8\/2009 (nord de la plage - 3)\" \/><\/a><\/p>\n<p>Le bureau d\u2019\u00e9tudes auquel on avait demand\u00e9 de se pencher sur ce probl\u00e8me a conclu que cette \u00e9rosion intempestive \u00e9tait due \u00e0 un \u00e9pi situ\u00e9 en extr\u00e9mit\u00e9 Nord qui, en accroissant l\u2019agitation provoqu\u00e9e par la houle, accentuait la mise en suspension du sable qui repartait ainsi vers le bas de plage. Les sp\u00e9cialistes recommandaient que cet \u00e9pi soit supprim\u00e9.<\/p>\n<p>Cette \u00e9tude qui a co\u00fbt\u00e9 tr\u00e8s cher au contribuable est maintenant vieille de presque deux ans ; rien n\u2019a \u00e9t\u00e9 fait.<\/p>\n<p>Cherche-t-on des arguments tendant \u00e0 prouver l&rsquo;inefficacit\u00e9 des ganivelles afin de revenir &#8211; pour des raisons qui restent myst\u00e9rieuses &#8211; aux enrochements? Quoi qu&rsquo;il en soit, il semblerait urgent que les \u00e9lus noirmoutrins prennent en compte les progr\u00e8s de la connaissance des causes de l&rsquo;\u00e9rosion des plages, et des rem\u00e8des que l&rsquo;on peut y apporter.<\/p>\n<p>L&rsquo;article du Monde dont nous parlons plus haut pr\u00e9cise que \u00ab\u00a0les collectivit\u00e9s locales, concern\u00e9es au premier chef par la gestion du littoral, manquent de comp\u00e9tences, de moyens et de rep\u00e8res. En France, o\u00f9 une loi datant de 1807 leur donne la responsabilit\u00e9 de la gestion du trait de c\u00f4te, le Grenelle de la mer, qui s&rsquo;est achev\u00e9 d\u00e9but juillet, a appel\u00e9 \u00e0 la d\u00e9finition d&rsquo;une v\u00e9ritable strat\u00e9gie nationale.\u00a0\u00bb (Voir \u00e0 ce propos les <a href=\"http:\/\/www.google.fr\/url?sa=t&amp;source=web&amp;ct=res&amp;cd=1&amp;url=http%3A%2F%2Fwww.legrenelle-mer.gouv.fr%2FIMG%2Fpdf%2Fprincipales_mesures_table_ronde_2bis-2.pdf&amp;ei=pluRStSOK9GfjAfvxu2BDg&amp;usg=AFQjCNFTqd20MFAH1yG-fnusRuQGLpHzfQ&amp;sig2=qr4ePKDCvrVFSjSHipn6cw\" target=\"_blank\">mesures pr\u00e9conis\u00e9es par la table ronde N\u00b0 2<\/a> du Grenelle de la mer.) Il nous semble en effet que ce serait souhaitable.<\/p>\n","protected":false},"excerpt":{"rendered":"<p>Dans son num\u00e9ro du 12 ao\u00fbt, Le Monde publie un article sur la d\u00e9fense contre la mer sous le titre : \u00ab\u00a0Des solutions douces pour un littoral fluctuant\u00a0\u00bb\u00a0 (article lisible jusqu&rsquo;au 12 septembre en cliquant sur ce lien). L&rsquo;article attire &hellip; <a href=\"https:\/\/www.12sur12.org\/?p=1661\">Continue reading <span class=\"meta-nav\">&rarr;<\/span><\/a><\/p>\n","protected":false},"author":8,"featured_media":0,"comment_status":"open","ping_status":"open","sticky":false,"template":"","format":"standard","meta":{"footnotes":""},"categories":[101,100],"tags":[],"class_list":["post-1661","post","type-post","status-publish","format-standard","hentry","category-defense-contre-la-mer-mer-littoral","category-mer-littoral"],"_links":{"self":[{"href":"https:\/\/www.12sur12.org\/index.php?rest_route=\/wp\/v2\/posts\/1661","targetHints":{"allow":["GET"]}}],"collection":[{"href":"https:\/\/www.12sur12.org\/index.php?rest_route=\/wp\/v2\/posts"}],"about":[{"href":"https:\/\/www.12sur12.org\/index.php?rest_route=\/wp\/v2\/types\/post"}],"author":[{"embeddable":true,"href":"https:\/\/www.12sur12.org\/index.php?rest_route=\/wp\/v2\/users\/8"}],"replies":[{"embeddable":true,"href":"https:\/\/www.12sur12.org\/index.php?rest_route=%2Fwp%2Fv2%2Fcomments&post=1661"}],"version-history":[{"count":1,"href":"https:\/\/www.12sur12.org\/index.php?rest_route=\/wp\/v2\/posts\/1661\/revisions"}],"predecessor-version":[{"id":3962,"href":"https:\/\/www.12sur12.org\/index.php?rest_route=\/wp\/v2\/posts\/1661\/revisions\/3962"}],"wp:attachment":[{"href":"https:\/\/www.12sur12.org\/index.php?rest_route=%2Fwp%2Fv2%2Fmedia&parent=1661"}],"wp:term":[{"taxonomy":"category","embeddable":true,"href":"https:\/\/www.12sur12.org\/index.php?rest_route=%2Fwp%2Fv2%2Fcategories&post=1661"},{"taxonomy":"post_tag","embeddable":true,"href":"https:\/\/www.12sur12.org\/index.php?rest_route=%2Fwp%2Fv2%2Ftags&post=1661"}],"curies":[{"name":"wp","href":"https:\/\/api.w.org\/{rel}","templated":true}]}}