{"id":1624,"date":"2009-07-23T09:00:18","date_gmt":"2009-07-23T07:00:18","guid":{"rendered":"http:\/\/www.12sur12.org\/2009\/07\/23\/assemblee-generale-2009\/"},"modified":"2009-07-23T09:00:18","modified_gmt":"2009-07-23T07:00:18","slug":"assemblee-generale-2009","status":"publish","type":"post","link":"https:\/\/www.12sur12.org\/?p=1624","title":{"rendered":"Assembl\u00e9e G\u00e9n\u00e9rale 2009"},"content":{"rendered":"<p>Nous tiendrons notre Assembl\u00e9e G\u00e9n\u00e9rale pour 2009 \u00e0 la Pr\u00e9e au Duc \u00e0 Noirmoutier en l&rsquo;\u00eele demain, vendredi 24 juillet \u00e0 20h30 (\u00e9margement \u00e0 partir de 20h).<\/p>\n<p>\u00c0 l&rsquo;ordre du jour:<\/p>\n<ul>\n<li>pr\u00e9sentation et validation du rapport d&rsquo;activit\u00e9s<\/li>\n<li>pr\u00e9sentation et validation du rapport financier<\/li>\n<li>quitus de la gestion du Conseil d&rsquo;Administration<\/li>\n<li>discussion ouverte avec les adh\u00e9rents<\/li>\n<li>\u00e9lection du Conseil d&rsquo;Administration; il se renouvelle par tiers chaque ann\u00e9e, chaque administrateur sortant peut se repr\u00e9senter.<\/li>\n<\/ul>\n<p>Le verre de l&rsquo;amiti\u00e9 cl\u00f4turera la soir\u00e9e.<\/p>\n<p>Toutes les personnes concern\u00e9es par l\u2019environnement de l\u2019\u00eele de Noirmoutier sont cordialement invit\u00e9es. Selon <a href=\"https:\/\/www.12sur12.org\/lassociation\/nos-statuts\/\">nos statuts<\/a>, seuls les adh\u00e9rents \u00e0 jour de cotisation ont voix d\u00e9lib\u00e9rative.<\/p>\n","protected":false},"excerpt":{"rendered":"<p>Nous tiendrons notre Assembl\u00e9e G\u00e9n\u00e9rale pour 2009 \u00e0 la Pr\u00e9e au Duc \u00e0 Noirmoutier en l&rsquo;\u00eele demain, vendredi 24 juillet \u00e0 20h30 (\u00e9margement \u00e0 partir de 20h). \u00c0 l&rsquo;ordre du jour: pr\u00e9sentation et validation du rapport d&rsquo;activit\u00e9s pr\u00e9sentation et validation &hellip; <a href=\"https:\/\/www.12sur12.org\/?p=1624\">Continue reading <span class=\"meta-nav\">&rarr;<\/span><\/a><\/p>\n","protected":false},"author":8,"featured_media":0,"comment_status":"open","ping_status":"open","sticky":false,"template":"","format":"standard","meta":{"footnotes":""},"categories":[13],"tags":[],"class_list":["post-1624","post","type-post","status-publish","format-standard","hentry","category-vie-de-lassociation"],"_links":{"self":[{"href":"https:\/\/www.12sur12.org\/index.php?rest_route=\/wp\/v2\/posts\/1624","targetHints":{"allow":["GET"]}}],"collection":[{"href":"https:\/\/www.12sur12.org\/index.php?rest_route=\/wp\/v2\/posts"}],"about":[{"href":"https:\/\/www.12sur12.org\/index.php?rest_route=\/wp\/v2\/types\/post"}],"author":[{"embeddable":true,"href":"https:\/\/www.12sur12.org\/index.php?rest_route=\/wp\/v2\/users\/8"}],"replies":[{"embeddable":true,"href":"https:\/\/www.12sur12.org\/index.php?rest_route=%2Fwp%2Fv2%2Fcomments&post=1624"}],"version-history":[{"count":0,"href":"https:\/\/www.12sur12.org\/index.php?rest_route=\/wp\/v2\/posts\/1624\/revisions"}],"wp:attachment":[{"href":"https:\/\/www.12sur12.org\/index.php?rest_route=%2Fwp%2Fv2%2Fmedia&parent=1624"}],"wp:term":[{"taxonomy":"category","embeddable":true,"href":"https:\/\/www.12sur12.org\/index.php?rest_route=%2Fwp%2Fv2%2Fcategories&post=1624"},{"taxonomy":"post_tag","embeddable":true,"href":"https:\/\/www.12sur12.org\/index.php?rest_route=%2Fwp%2Fv2%2Ftags&post=1624"}],"curies":[{"name":"wp","href":"https:\/\/api.w.org\/{rel}","templated":true}]}}